{"id":7092,"date":"2025-03-18T19:34:51","date_gmt":"2025-03-18T18:34:51","guid":{"rendered":"https:\/\/waldrestaurant-zaehringerburg.de\/2025\/03\/18\/brunch-de-pascua-el-21-04-25-a-partir-de-las-10-horas\/"},"modified":"2025-03-24T22:02:27","modified_gmt":"2025-03-24T21:02:27","slug":"brunch-de-pascua-el-21-04-25-a-partir-de-las-10-horas","status":"publish","type":"post","link":"https:\/\/waldrestaurant-zaehringerburg.de\/es\/2025\/03\/18\/brunch-de-pascua-el-21-04-25-a-partir-de-las-10-horas\/","title":{"rendered":"Brunch de Pascua el 21.04.25 a partir de las 10 horas"},"content":{"rendered":"<div class=\"fusion-fullwidth fullwidth-box fusion-builder-row-1 fusion-flex-container has-pattern-background has-mask-background hundred-percent-fullwidth non-hundred-percent-height-scrolling\" style=\"--awb-border-radius-top-left:0px;--awb-border-radius-top-right:0px;--awb-border-radius-bottom-right:0px;--awb-border-radius-bottom-left:0px;--awb-background-color:var(--awb-color1);--awb-flex-wrap:wrap;\" ><div class=\"fusion-builder-row fusion-row fusion-flex-align-items-flex-start fusion-flex-content-wrap\" style=\"width:104% !important;max-width:104% !important;margin-left: calc(-4% \/ 2 );margin-right: calc(-4% \/ 2 );\"><div class=\"fusion-layout-column fusion_builder_column fusion-builder-column-0 fusion_builder_column_1_1 1_1 fusion-flex-column\" style=\"--awb-bg-size:cover;--awb-width-large:100%;--awb-margin-top-large:0px;--awb-spacing-right-large:1.92%;--awb-margin-bottom-large:8%;--awb-spacing-left-large:1.92%;--awb-width-medium:100%;--awb-order-medium:0;--awb-spacing-right-medium:1.92%;--awb-spacing-left-medium:1.92%;--awb-width-small:100%;--awb-order-small:0;--awb-spacing-right-small:1.92%;--awb-spacing-left-small:1.92%;\"><div class=\"fusion-column-wrapper fusion-column-has-shadow fusion-flex-justify-content-flex-start fusion-content-layout-column\"><div class=\"fusion-image-element \" style=\"--awb-caption-title-font-family:var(--h2_typography-font-family);--awb-caption-title-font-weight:var(--h2_typography-font-weight);--awb-caption-title-font-style:var(--h2_typography-font-style);--awb-caption-title-size:var(--h2_typography-font-size);--awb-caption-title-transform:var(--h2_typography-text-transform);--awb-caption-title-line-height:var(--h2_typography-line-height);--awb-caption-title-letter-spacing:var(--h2_typography-letter-spacing);\"><span class=\" fusion-imageframe imageframe-none imageframe-1 hover-type-none\"><img decoding=\"async\" width=\"1024\" height=\"1024\" title=\"Osterfest_Zaehringburg\" src=\"https:\/\/waldrestaurant-zaehringerburg.de\/wp-content\/uploads\/2025\/03\/Osterfest_Zaehringburg.webp\" data-orig-src=\"https:\/\/waldrestaurant-zaehringerburg.de\/wp-content\/uploads\/2025\/03\/Osterfest_Zaehringburg.webp\" alt class=\"lazyload img-responsive wp-image-6974\" srcset=\"data:image\/svg+xml,%3Csvg%20xmlns%3D%27http%3A%2F%2Fwww.w3.org%2F2000%2Fsvg%27%20width%3D%271024%27%20height%3D%271024%27%20viewBox%3D%270%200%201024%201024%27%3E%3Crect%20width%3D%271024%27%20height%3D%271024%27%20fill-opacity%3D%220%22%2F%3E%3C%2Fsvg%3E\" data-srcset=\"https:\/\/waldrestaurant-zaehringerburg.de\/wp-content\/uploads\/2025\/03\/Osterfest_Zaehringburg-200x200.webp 200w, https:\/\/waldrestaurant-zaehringerburg.de\/wp-content\/uploads\/2025\/03\/Osterfest_Zaehringburg-400x400.webp 400w, https:\/\/waldrestaurant-zaehringerburg.de\/wp-content\/uploads\/2025\/03\/Osterfest_Zaehringburg-600x600.webp 600w, https:\/\/waldrestaurant-zaehringerburg.de\/wp-content\/uploads\/2025\/03\/Osterfest_Zaehringburg-800x800.webp 800w, https:\/\/waldrestaurant-zaehringerburg.de\/wp-content\/uploads\/2025\/03\/Osterfest_Zaehringburg.webp 1024w\" data-sizes=\"auto\" data-orig-sizes=\"(max-width: 1024px) 100vw, (max-width: 640px) 100vw, 1024px\" \/><\/span><\/div><\/div><\/div><div class=\"fusion-layout-column fusion_builder_column fusion-builder-column-1 fusion_builder_column_1_1 1_1 fusion-flex-column\" style=\"--awb-bg-size:cover;--awb-width-large:100%;--awb-margin-top-large:0px;--awb-spacing-right-large:1.92%;--awb-margin-bottom-large:8%;--awb-spacing-left-large:1.92%;--awb-width-medium:100%;--awb-order-medium:0;--awb-spacing-right-medium:1.92%;--awb-spacing-left-medium:1.92%;--awb-width-small:100%;--awb-order-small:0;--awb-spacing-right-small:1.92%;--awb-spacing-left-small:1.92%;\"><div class=\"fusion-column-wrapper fusion-column-has-shadow fusion-flex-justify-content-flex-start fusion-content-layout-column\"><div class=\"fusion-text fusion-text-1\"><p>El <strong>Lunes de Pascua<\/strong>, <strong>21 de abril<\/strong> de 2025, el <strong>Waldrestaurant Z\u00e4hringer Burg<\/strong> le invita a un <strong>brunch especial de Pascua<\/strong> que tendr\u00e1 lugar a partir de las 10 horas. Disfrute de una ma\u00f1ana relajada en una <strong>atm\u00f3sfera pascual<\/strong>, mientras nos encargamos de proporcionarle el mejor entretenimiento con una cuidadosa <strong>decoraci\u00f3n pascual<\/strong> y una variada oferta culinaria.<\/p>\n<p>Disfrute de nuestra <strong>abundante oferta de desayuno<\/strong> con deliciosos alimentos y bebidas. Adem\u00e1s de numerosas delicias, tambi\u00e9n hemos pensado en nuestros peque\u00f1os invitados: espere una alegre <strong>b\u00fasqueda de huevos<\/strong> para ni\u00f1os, que garantiza ojos brillantes.<\/p>\n<p>Ya sea solo, con la familia o con amigos, el brunch de Pascua ofrece el comienzo perfecto para el <strong>Lunes de Pascua.<\/strong> Por favor, reserve su mesa con antelaci\u00f3n. \u00a1Nuestra celebraci\u00f3n de Pascua tendr\u00e1 lugar independientemente del clima!<\/p>\n<p>Como <strong>opci\u00f3n<\/strong> o <strong>idea<\/strong> despu\u00e9s del brunch, le recomendamos un <strong>paseo por el bosque primaveral<\/strong> hasta la torre Z\u00e4hringerburg. Disfrute de la naturaleza que despierta y respire aire fresco antes de terminar el d\u00eda de manera relajada.<\/p>\n<p><strong>\u00a1Esperamos su visita en Burgberg para el brunch de Pascua!<\/strong><\/p>\n<p><em>Su equipo del Waldrestaurant Z\u00e4hringer Burg<\/em><\/p>\n<\/div><div class=\"fusion-text fusion-text-2\"><div class=\"fusion-li-item-content\">\n<p><strong>Lunes, 21.04.2025 a partir de las 10:00 horas<\/strong><\/p>\n<p><strong>24 \u20ac por persona incluyendo caf\u00e9, t\u00e9, zumo de naranja en la<br \/>\njarra, \u00a1tanto como desee!<br \/>\nLos ni\u00f1os hasta 11 a\u00f1os pagan la mitad del precio<\/strong> <\/p>\n<\/div>\n<\/div><div class=\"fusion-text fusion-text-3\"><div class=\"fusion-li-item-content\">\n<p>Reservas en:<\/p>\n<p>0761 \/ 54 322<br \/>\n<strong><a href=\"mailto:reservierung@waldrestaurant-zaehringerburg.de\">reservierung@waldrestaurant-zaehringerburg.de<\/a><\/strong><\/p>\n<\/div>\n<\/div><\/div><\/div><\/div><\/div>\n","protected":false},"excerpt":{"rendered":"","protected":false},"author":1,"featured_media":7693,"comment_status":"closed","ping_status":"closed","sticky":false,"template":"","format":"standard","meta":{"_acf_changed":false,"footnotes":""},"categories":[],"tags":[],"class_list":["post-7092","post","type-post","status-publish","format-standard","has-post-thumbnail","hentry"],"acf":[],"_links":{"self":[{"href":"https:\/\/waldrestaurant-zaehringerburg.de\/es\/wp-json\/wp\/v2\/posts\/7092","targetHints":{"allow":["GET"]}}],"collection":[{"href":"https:\/\/waldrestaurant-zaehringerburg.de\/es\/wp-json\/wp\/v2\/posts"}],"about":[{"href":"https:\/\/waldrestaurant-zaehringerburg.de\/es\/wp-json\/wp\/v2\/types\/post"}],"author":[{"embeddable":true,"href":"https:\/\/waldrestaurant-zaehringerburg.de\/es\/wp-json\/wp\/v2\/users\/1"}],"replies":[{"embeddable":true,"href":"https:\/\/waldrestaurant-zaehringerburg.de\/es\/wp-json\/wp\/v2\/comments?post=7092"}],"version-history":[{"count":1,"href":"https:\/\/waldrestaurant-zaehringerburg.de\/es\/wp-json\/wp\/v2\/posts\/7092\/revisions"}],"predecessor-version":[{"id":7101,"href":"https:\/\/waldrestaurant-zaehringerburg.de\/es\/wp-json\/wp\/v2\/posts\/7092\/revisions\/7101"}],"wp:featuredmedia":[{"embeddable":true,"href":"https:\/\/waldrestaurant-zaehringerburg.de\/es\/wp-json\/wp\/v2\/media\/7693"}],"wp:attachment":[{"href":"https:\/\/waldrestaurant-zaehringerburg.de\/es\/wp-json\/wp\/v2\/media?parent=7092"}],"wp:term":[{"taxonomy":"category","embeddable":true,"href":"https:\/\/waldrestaurant-zaehringerburg.de\/es\/wp-json\/wp\/v2\/categories?post=7092"},{"taxonomy":"post_tag","embeddable":true,"href":"https:\/\/waldrestaurant-zaehringerburg.de\/es\/wp-json\/wp\/v2\/tags?post=7092"}],"curies":[{"name":"wp","href":"https:\/\/api.w.org\/{rel}","templated":true}]}}