{"id":7059,"date":"2025-03-18T19:34:51","date_gmt":"2025-03-18T18:34:51","guid":{"rendered":"https:\/\/waldrestaurant-zaehringerburg.de\/2025\/03\/18\/brunch-de-paques-le-21-04-25-a-partir-de-10-heures\/"},"modified":"2025-03-24T22:02:25","modified_gmt":"2025-03-24T21:02:25","slug":"brunch-de-paques-le-21-04-25-a-partir-de-10-heures","status":"publish","type":"post","link":"https:\/\/waldrestaurant-zaehringerburg.de\/fr\/2025\/03\/18\/brunch-de-paques-le-21-04-25-a-partir-de-10-heures\/","title":{"rendered":"Brunch de P\u00e2ques le 21.04.25 \u00e0 partir de 10 heures"},"content":{"rendered":"<div class=\"fusion-fullwidth fullwidth-box fusion-builder-row-1 fusion-flex-container has-pattern-background has-mask-background hundred-percent-fullwidth non-hundred-percent-height-scrolling\" style=\"--awb-border-radius-top-left:0px;--awb-border-radius-top-right:0px;--awb-border-radius-bottom-right:0px;--awb-border-radius-bottom-left:0px;--awb-background-color:var(--awb-color1);--awb-flex-wrap:wrap;\" ><div class=\"fusion-builder-row fusion-row fusion-flex-align-items-flex-start fusion-flex-content-wrap\" style=\"width:104% !important;max-width:104% !important;margin-left: calc(-4% \/ 2 );margin-right: calc(-4% \/ 2 );\"><div class=\"fusion-layout-column fusion_builder_column fusion-builder-column-0 fusion_builder_column_1_1 1_1 fusion-flex-column\" style=\"--awb-bg-size:cover;--awb-width-large:100%;--awb-margin-top-large:0px;--awb-spacing-right-large:1.92%;--awb-margin-bottom-large:8%;--awb-spacing-left-large:1.92%;--awb-width-medium:100%;--awb-order-medium:0;--awb-spacing-right-medium:1.92%;--awb-spacing-left-medium:1.92%;--awb-width-small:100%;--awb-order-small:0;--awb-spacing-right-small:1.92%;--awb-spacing-left-small:1.92%;\"><div class=\"fusion-column-wrapper fusion-column-has-shadow fusion-flex-justify-content-flex-start fusion-content-layout-column\"><div class=\"fusion-image-element \" style=\"--awb-caption-title-font-family:var(--h2_typography-font-family);--awb-caption-title-font-weight:var(--h2_typography-font-weight);--awb-caption-title-font-style:var(--h2_typography-font-style);--awb-caption-title-size:var(--h2_typography-font-size);--awb-caption-title-transform:var(--h2_typography-text-transform);--awb-caption-title-line-height:var(--h2_typography-line-height);--awb-caption-title-letter-spacing:var(--h2_typography-letter-spacing);\"><span class=\" fusion-imageframe imageframe-none imageframe-1 hover-type-none\"><img decoding=\"async\" width=\"1024\" height=\"1024\" title=\"Osterfest_Zaehringburg\" src=\"https:\/\/waldrestaurant-zaehringerburg.de\/wp-content\/uploads\/2025\/03\/Osterfest_Zaehringburg.webp\" data-orig-src=\"https:\/\/waldrestaurant-zaehringerburg.de\/wp-content\/uploads\/2025\/03\/Osterfest_Zaehringburg.webp\" alt class=\"lazyload img-responsive wp-image-6972\" srcset=\"data:image\/svg+xml,%3Csvg%20xmlns%3D%27http%3A%2F%2Fwww.w3.org%2F2000%2Fsvg%27%20width%3D%271024%27%20height%3D%271024%27%20viewBox%3D%270%200%201024%201024%27%3E%3Crect%20width%3D%271024%27%20height%3D%271024%27%20fill-opacity%3D%220%22%2F%3E%3C%2Fsvg%3E\" data-srcset=\"https:\/\/waldrestaurant-zaehringerburg.de\/wp-content\/uploads\/2025\/03\/Osterfest_Zaehringburg-200x200.webp 200w, https:\/\/waldrestaurant-zaehringerburg.de\/wp-content\/uploads\/2025\/03\/Osterfest_Zaehringburg-400x400.webp 400w, https:\/\/waldrestaurant-zaehringerburg.de\/wp-content\/uploads\/2025\/03\/Osterfest_Zaehringburg-600x600.webp 600w, https:\/\/waldrestaurant-zaehringerburg.de\/wp-content\/uploads\/2025\/03\/Osterfest_Zaehringburg-800x800.webp 800w, https:\/\/waldrestaurant-zaehringerburg.de\/wp-content\/uploads\/2025\/03\/Osterfest_Zaehringburg.webp 1024w\" data-sizes=\"auto\" data-orig-sizes=\"(max-width: 1024px) 100vw, (max-width: 640px) 100vw, 1024px\" \/><\/span><\/div><\/div><\/div><div class=\"fusion-layout-column fusion_builder_column fusion-builder-column-1 fusion_builder_column_1_1 1_1 fusion-flex-column\" style=\"--awb-bg-size:cover;--awb-width-large:100%;--awb-margin-top-large:0px;--awb-spacing-right-large:1.92%;--awb-margin-bottom-large:8%;--awb-spacing-left-large:1.92%;--awb-width-medium:100%;--awb-order-medium:0;--awb-spacing-right-medium:1.92%;--awb-spacing-left-medium:1.92%;--awb-width-small:100%;--awb-order-small:0;--awb-spacing-right-small:1.92%;--awb-spacing-left-small:1.92%;\"><div class=\"fusion-column-wrapper fusion-column-has-shadow fusion-flex-justify-content-flex-start fusion-content-layout-column\"><div class=\"fusion-text fusion-text-1\"><p>Le <strong>lundi de P\u00e2ques<\/strong>, le <strong>21 avril<\/strong> 2025, le <strong>Waldrestaurant Z\u00e4hringer Burg<\/strong> vous convie \u00e0 un <strong>brunch de P\u00e2ques exceptionnel<\/strong> qui d\u00e9butera \u00e0 10 heures. Profitez d&rsquo;une matin\u00e9e d\u00e9tendue dans une <strong>atmosph\u00e8re pascale<\/strong>, tandis que nous vous assurons le meilleur divertissement avec une <strong>d\u00e9coration pascale<\/strong> soign\u00e9e et une offre culinaire vari\u00e9e. <\/p>\n<p>Savourez notre <strong>offre de petit-d\u00e9jeuner copieuse<\/strong> avec de d\u00e9licieux mets et boissons. En plus de nombreuses d\u00e9lices, nous avons \u00e9galement pens\u00e9 \u00e0 nos jeunes convives : r\u00e9jouissez-vous d&rsquo;une joyeuse <strong>chasse aux \u0153ufs<\/strong> pour les enfants, qui illuminera assur\u00e9ment leurs regards. <\/p>\n<p>Que vous soyez seul, en famille ou entre amis, le brunch de P\u00e2ques offre le d\u00e9part parfait pour le <strong>lundi de P\u00e2ques<\/strong>. Veuillez r\u00e9server votre table en temps opportun. Notre c\u00e9l\u00e9bration pascale aura lieu par tous les temps ! <\/p>\n<p>En tant qu&rsquo;<strong>option<\/strong> ou <strong>id\u00e9e<\/strong> \u00e0 la suite du brunch, nous vous recommandons une <strong>promenade \u00e0 travers la for\u00eat printani\u00e8re<\/strong> jusqu&rsquo;\u00e0 la tour de Z\u00e4hringerburg. Profitez de la nature qui s&rsquo;\u00e9veille et ressourcez-vous en air frais avant de terminer la journ\u00e9e dans la convivialit\u00e9. <\/p>\n<p><strong>Nous nous r\u00e9jouissons de votre visite sur le Burgberg pour le brunch de P\u00e2ques !<\/strong><\/p>\n<p><em>Votre \u00e9quipe du Waldrestaurant Z\u00e4hringer Burg<\/em><\/p>\n<\/div><div class=\"fusion-text fusion-text-2\"><div class=\"fusion-li-item-content\">\n<p><strong>Lundi 21.04.2025 \u00e0 partir de 10h00<\/strong><\/p>\n<p><strong>24 \u20ac par personne incluant caf\u00e9, th\u00e9, jus d&rsquo;orange en<br \/>\ncarafe \u00e0 volont\u00e9 !<br \/>\nLes enfants jusqu&rsquo;\u00e0 11 ans paient demi-tarif<\/strong> <\/p>\n<\/div>\n<\/div><div class=\"fusion-text fusion-text-3\"><div class=\"fusion-li-item-content\">\n<p>R\u00e9servation au :<\/p>\n<p>0761 \/ 54 322<br \/>\n<strong><a href=\"mailto:reservierung@waldrestaurant-zaehringerburg.de\">reservierung@waldrestaurant-zaehringerburg.de<\/a><\/strong><\/p>\n<\/div>\n<\/div><\/div><\/div><\/div><\/div>\n","protected":false},"excerpt":{"rendered":"","protected":false},"author":1,"featured_media":7691,"comment_status":"closed","ping_status":"closed","sticky":false,"template":"","format":"standard","meta":{"_acf_changed":false,"footnotes":""},"categories":[],"tags":[],"class_list":["post-7059","post","type-post","status-publish","format-standard","has-post-thumbnail","hentry"],"acf":[],"_links":{"self":[{"href":"https:\/\/waldrestaurant-zaehringerburg.de\/fr\/wp-json\/wp\/v2\/posts\/7059","targetHints":{"allow":["GET"]}}],"collection":[{"href":"https:\/\/waldrestaurant-zaehringerburg.de\/fr\/wp-json\/wp\/v2\/posts"}],"about":[{"href":"https:\/\/waldrestaurant-zaehringerburg.de\/fr\/wp-json\/wp\/v2\/types\/post"}],"author":[{"embeddable":true,"href":"https:\/\/waldrestaurant-zaehringerburg.de\/fr\/wp-json\/wp\/v2\/users\/1"}],"replies":[{"embeddable":true,"href":"https:\/\/waldrestaurant-zaehringerburg.de\/fr\/wp-json\/wp\/v2\/comments?post=7059"}],"version-history":[{"count":4,"href":"https:\/\/waldrestaurant-zaehringerburg.de\/fr\/wp-json\/wp\/v2\/posts\/7059\/revisions"}],"predecessor-version":[{"id":7075,"href":"https:\/\/waldrestaurant-zaehringerburg.de\/fr\/wp-json\/wp\/v2\/posts\/7059\/revisions\/7075"}],"wp:featuredmedia":[{"embeddable":true,"href":"https:\/\/waldrestaurant-zaehringerburg.de\/fr\/wp-json\/wp\/v2\/media\/7691"}],"wp:attachment":[{"href":"https:\/\/waldrestaurant-zaehringerburg.de\/fr\/wp-json\/wp\/v2\/media?parent=7059"}],"wp:term":[{"taxonomy":"category","embeddable":true,"href":"https:\/\/waldrestaurant-zaehringerburg.de\/fr\/wp-json\/wp\/v2\/categories?post=7059"},{"taxonomy":"post_tag","embeddable":true,"href":"https:\/\/waldrestaurant-zaehringerburg.de\/fr\/wp-json\/wp\/v2\/tags?post=7059"}],"curies":[{"name":"wp","href":"https:\/\/api.w.org\/{rel}","templated":true}]}}