{"id":7072,"date":"2025-11-03T08:28:10","date_gmt":"2025-11-03T07:28:10","guid":{"rendered":"https:\/\/waldrestaurant-zaehringerburg.de\/2024\/07\/06\/maintien-de-louverture-de-la-tour-du-chateau-de-zaehringen\/"},"modified":"2025-11-04T20:39:18","modified_gmt":"2025-11-04T19:39:18","slug":"maintien-de-louverture-de-la-tour-du-chateau-de-zaehringen","status":"publish","type":"post","link":"https:\/\/waldrestaurant-zaehringerburg.de\/fr\/2025\/11\/03\/maintien-de-louverture-de-la-tour-du-chateau-de-zaehringen\/","title":{"rendered":"Maintien de l&rsquo;ouverture de la tour du ch\u00e2teau de Z\u00e4hringen"},"content":{"rendered":"<div class=\"fusion-fullwidth fullwidth-box fusion-builder-row-1 fusion-flex-container has-pattern-background has-mask-background nonhundred-percent-fullwidth non-hundred-percent-height-scrolling\" style=\"--awb-border-radius-top-left:0px;--awb-border-radius-top-right:0px;--awb-border-radius-bottom-right:0px;--awb-border-radius-bottom-left:0px;--awb-flex-wrap:wrap;\" ><div class=\"fusion-builder-row fusion-row fusion-flex-align-items-flex-start fusion-flex-content-wrap\" style=\"max-width:1430px;margin-left: calc(-4% \/ 2 );margin-right: calc(-4% \/ 2 );\"><div class=\"fusion-layout-column fusion_builder_column fusion-builder-column-0 fusion_builder_column_1_3 1_3 fusion-flex-column\" style=\"--awb-bg-size:cover;--awb-width-large:33.333333333333%;--awb-margin-top-large:0px;--awb-spacing-right-large:5.76%;--awb-margin-bottom-large:8%;--awb-spacing-left-large:5.76%;--awb-width-medium:100%;--awb-order-medium:0;--awb-spacing-right-medium:1.92%;--awb-spacing-left-medium:1.92%;--awb-width-small:100%;--awb-order-small:0;--awb-spacing-right-small:1.92%;--awb-spacing-left-small:1.92%;\"><div class=\"fusion-column-wrapper fusion-column-has-shadow fusion-flex-justify-content-flex-start fusion-content-layout-column\"><div class=\"fusion-image-element \" style=\"--awb-mask-url: url(https:\/\/waldrestaurant-zaehringerburg.de\/wp-content\/plugins\/fusion-builder\/\/assets\/images\/masks\/mask-18.svg);--awb-caption-title-font-family:var(--h2_typography-font-family);--awb-caption-title-font-weight:var(--h2_typography-font-weight);--awb-caption-title-font-style:var(--h2_typography-font-style);--awb-caption-title-size:var(--h2_typography-font-size);--awb-caption-title-transform:var(--h2_typography-text-transform);--awb-caption-title-line-height:var(--h2_typography-line-height);--awb-caption-title-letter-spacing:var(--h2_typography-letter-spacing);\"><span class=\" fusion-imageframe imageframe-none imageframe-1 hover-type-none has-mask\"><img decoding=\"async\" width=\"600\" height=\"705\" title=\"Panorama_04_rgb_low\" src=\"https:\/\/waldrestaurant-zaehringerburg.de\/wp-content\/uploads\/2024\/01\/Panorama_04_rgb_low.jpg\" data-orig-src=\"https:\/\/www.waldrestaurant-zaehringerburg.de\/wp-content\/uploads\/2024\/01\/Panorama_04_rgb_low-600x705.jpg\" alt class=\"lazyload img-responsive wp-image-6487\" srcset=\"data:image\/svg+xml,%3Csvg%20xmlns%3D%27http%3A%2F%2Fwww.w3.org%2F2000%2Fsvg%27%20width%3D%27851%27%20height%3D%271000%27%20viewBox%3D%270%200%20851%201000%27%3E%3Crect%20width%3D%27851%27%20height%3D%271000%27%20fill-opacity%3D%220%22%2F%3E%3C%2Fsvg%3E\" data-srcset=\"https:\/\/waldrestaurant-zaehringerburg.de\/wp-content\/uploads\/2024\/01\/Panorama_04_rgb_low-200x235.jpg 200w, https:\/\/waldrestaurant-zaehringerburg.de\/wp-content\/uploads\/2024\/01\/Panorama_04_rgb_low-400x470.jpg 400w, https:\/\/waldrestaurant-zaehringerburg.de\/wp-content\/uploads\/2024\/01\/Panorama_04_rgb_low-600x705.jpg 600w, https:\/\/waldrestaurant-zaehringerburg.de\/wp-content\/uploads\/2024\/01\/Panorama_04_rgb_low-800x940.jpg 800w, https:\/\/waldrestaurant-zaehringerburg.de\/wp-content\/uploads\/2024\/01\/Panorama_04_rgb_low.jpg 851w\" data-sizes=\"auto\" data-orig-sizes=\"(max-width: 1024px) 100vw, (max-width: 640px) 100vw, 600px\" \/><\/span><\/div><\/div><\/div><div class=\"fusion-layout-column fusion_builder_column fusion-builder-column-1 fusion_builder_column_2_3 2_3 fusion-flex-column\" style=\"--awb-bg-size:cover;--awb-width-large:66.666666666667%;--awb-margin-top-large:0px;--awb-spacing-right-large:2.88%;--awb-margin-bottom-large:8%;--awb-spacing-left-large:2.88%;--awb-width-medium:100%;--awb-order-medium:0;--awb-spacing-right-medium:1.92%;--awb-spacing-left-medium:1.92%;--awb-width-small:100%;--awb-order-small:0;--awb-spacing-right-small:1.92%;--awb-spacing-left-small:1.92%;\"><div class=\"fusion-column-wrapper fusion-column-has-shadow fusion-flex-justify-content-flex-start fusion-content-layout-column\"><div class=\"fusion-text fusion-text-1\"><p>Chers partisans,<\/p>\n<p>Malheureusement, la r\u00e9ouverture de la tour du ch\u00e2teau est retard\u00e9e. Des \u00ab processus de coordination complexes \u00bb ont \u00e9t\u00e9 cit\u00e9s comme raison. La tour du ch\u00e2teau devrait \u00eatre \u00e9quip\u00e9e d&rsquo;un nouvel escalier et rouverte au plus tard \u00e0 l&rsquo;\u00e9t\u00e9 2024.<\/p>\n<\/div><div class=\"fusion-section-separator section-separator waves fusion-section-separator-1\" style=\"--awb-spacer-padding-top:15.8203125%;--awb-svg-margin-left:2.88%;--awb-svg-margin-right:2.88%;--awb-svg-margin-left-medium:1.92%;--awb-svg-margin-right-medium:1.92%;--awb-svg-margin-left-small:1.92%;--awb-svg-margin-right-small:1.92%;--awb-sep-font-size:0;--awb-sep-line-height:0;\"><div class=\"fusion-section-separator-svg\"><svg class=\"fusion-waves-candy\" xmlns=\"http:\/\/www.w3.org\/2000\/svg\" version=\"1.1\" width=\"100%\" viewBox=\"0 54 1024 162\" preserveAspectRatio=\"none\" fill=\"rgba(55,153,55,1)\"><path class=\"st3\" d=\"M0 216.312h1024v-3.044c-50.8-17.1-108.7-30.7-172.7-37.9-178.6-19.8-220 36.8-404.9 21.3-206.6-17.2-228-126.5-434.5-141.6-3.9-.3-7.9-.5-11.9-.7v161.944z\"\/><\/svg><\/div><div class=\"fusion-section-separator-spacer\"><div class=\"fusion-section-separator-spacer-height\"><\/div><\/div><\/div><div class=\"fusion-text fusion-text-2\" style=\"--awb-margin-top:10px;\"><p data-fontsize=\"30\" data-lineheight=\"36px\"><strong>Mise \u00e0 jour 03\/2025 :<br \/>\n<\/strong><\/p>\n<\/div><a class=\"fusion-modal-text-link\" data-toggle=\"modal\" data-target=\".fusion-modal.BZ-2025\" href=\"#\"><a href=\"https:\/\/www.badische-zeitung.de\/der-schiefe-turm-der-zaehringer-burg-soll-im-juli-wieder-oeffnen\" target=\"_top\" rel=\"noopener\"><strong>La tour pench\u00e9e du ch\u00e2teau de Z\u00e4hringen devrait rouvrir en juillet<\/strong> (publi\u00e9 le mardi 04 mars 2025 sur badische-zeitung.de)<\/a><\/a><div class=\"fusion-text fusion-text-3 fusion-text-no-margin\" style=\"--awb-margin-top:10px;--awb-margin-bottom:10px;\"><p data-fontsize=\"30\" data-lineheight=\"36px\"><strong>Mise \u00e0 jour 06\/2024 :<br \/>\n<\/strong>Nous avons malheureusement re\u00e7u l&rsquo;information qu&rsquo;il y aura de nouveaux retards. L&rsquo;\u00e9tat actuel est l&rsquo;automne 2024. Nous restons vigilants et continuerons \u00e0 vous informer.  <\/p>\n<div>\n<p><a href=\"https:\/\/www.badische-zeitung.de\/die-wiedereroeffnung-des-turms-der-zaehringer-burg-in-freiburg-verschiebt-sich-in-den-herbst\">Vous trouverez l&rsquo;article complet dans la Badische Zeitung [hier]<\/a><\/p>\n<\/div>\n<\/div><div class=\"fusion-text fusion-text-4\" style=\"--awb-margin-top:10px;\"><p data-fontsize=\"30\" data-lineheight=\"36px\"><strong>Mise \u00e0 jour 10\/2024 :<br \/>\n<\/strong><\/p>\n<\/div><a class=\"fusion-modal-text-link\" data-toggle=\"modal\" data-target=\".fusion-modal.BZ\" href=\"#\"><a href=\"https:\/\/www.badische-zeitung.de\/der-schiefe-turm-der-zaehringer-burg-in-freiburg-bleibt-gesperrt\" target=\"_top\" rel=\"noopener\"><strong>La tour pench\u00e9e du ch\u00e2teau de Z\u00e4hringen \u00e0 Fribourg-en-Brisgau reste ferm\u00e9e<\/strong> (publi\u00e9 le lundi 21 octobre 2024 \u00e0 19h30 sur badische-zeitung.de)<\/a><\/a><div class=\"fusion-text fusion-text-5 fusion-text-no-margin\" style=\"--awb-margin-top:10px;--awb-margin-bottom:10px;\"><p data-fontsize=\"30\" data-lineheight=\"36px\"><strong>Mise \u00e0 jour 06\/2024 :<br \/>\n<\/strong>Nous avons malheureusement re\u00e7u l&rsquo;information qu&rsquo;il y aura de nouveaux retards. L&rsquo;\u00e9tat actuel est l&rsquo;automne 2024. Nous restons vigilants et continuerons \u00e0 vous informer.  <\/p>\n<div>\n<p><a href=\"https:\/\/www.badische-zeitung.de\/die-wiedereroeffnung-des-turms-der-zaehringer-burg-in-freiburg-verschiebt-sich-in-den-herbst\">Vous trouverez l&rsquo;article complet dans la Badische Zeitung [hier]<\/a><\/p>\n<\/div>\n<\/div><\/div><\/div><\/div><\/div>\n","protected":false},"excerpt":{"rendered":"","protected":false},"author":1,"featured_media":7745,"comment_status":"closed","ping_status":"closed","sticky":false,"template":"","format":"standard","meta":{"_acf_changed":false,"footnotes":""},"categories":[83],"tags":[],"class_list":["post-7072","post","type-post","status-publish","format-standard","has-post-thumbnail","hentry","category-page-daccueil"],"acf":[],"_links":{"self":[{"href":"https:\/\/waldrestaurant-zaehringerburg.de\/fr\/wp-json\/wp\/v2\/posts\/7072","targetHints":{"allow":["GET"]}}],"collection":[{"href":"https:\/\/waldrestaurant-zaehringerburg.de\/fr\/wp-json\/wp\/v2\/posts"}],"about":[{"href":"https:\/\/waldrestaurant-zaehringerburg.de\/fr\/wp-json\/wp\/v2\/types\/post"}],"author":[{"embeddable":true,"href":"https:\/\/waldrestaurant-zaehringerburg.de\/fr\/wp-json\/wp\/v2\/users\/1"}],"replies":[{"embeddable":true,"href":"https:\/\/waldrestaurant-zaehringerburg.de\/fr\/wp-json\/wp\/v2\/comments?post=7072"}],"version-history":[{"count":7,"href":"https:\/\/waldrestaurant-zaehringerburg.de\/fr\/wp-json\/wp\/v2\/posts\/7072\/revisions"}],"predecessor-version":[{"id":7838,"href":"https:\/\/waldrestaurant-zaehringerburg.de\/fr\/wp-json\/wp\/v2\/posts\/7072\/revisions\/7838"}],"wp:featuredmedia":[{"embeddable":true,"href":"https:\/\/waldrestaurant-zaehringerburg.de\/fr\/wp-json\/wp\/v2\/media\/7745"}],"wp:attachment":[{"href":"https:\/\/waldrestaurant-zaehringerburg.de\/fr\/wp-json\/wp\/v2\/media?parent=7072"}],"wp:term":[{"taxonomy":"category","embeddable":true,"href":"https:\/\/waldrestaurant-zaehringerburg.de\/fr\/wp-json\/wp\/v2\/categories?post=7072"},{"taxonomy":"post_tag","embeddable":true,"href":"https:\/\/waldrestaurant-zaehringerburg.de\/fr\/wp-json\/wp\/v2\/tags?post=7072"}],"curies":[{"name":"wp","href":"https:\/\/api.w.org\/{rel}","templated":true}]}}